{"id":5485,"date":"2025-02-15T15:02:42","date_gmt":"2025-02-15T13:02:42","guid":{"rendered":"https:\/\/calmresort.hu\/?p=5485"},"modified":"2025-02-15T15:18:38","modified_gmt":"2025-02-15T13:18:38","slug":"hertelendi-termalfurdo-es-szaunapark","status":"publish","type":"post","link":"https:\/\/calmresort.hu\/en\/hertelendi-termalfurdo-es-szaunapark\/","title":{"rendered":"Hertelendi Term\u00e1lf\u00fcrd\u0151 \u00e9s Szaunapark"},"content":{"rendered":"<p>A <a href=\"https:\/\/www.hertelendifurdo.hu\/hu\/home\">Hertelendi Term\u00e1lf\u00fcrd\u0151 \u00e9s Szaunapark<\/a> a fest\u0151i Magyarhertelenden, P\u00e9cst\u0151l mind\u00f6ssze 20 km-re tal\u00e1lhat\u00f3, \u00e9s eg\u00e9sz \u00e9vben v\u00e1rja a pihenni v\u00e1gy\u00f3kat. A f\u00fcrd\u0151 2007 \u00f3ta folyamatos fejleszt\u00e9seken esett \u00e1t, \u00edgy m\u00e1ra modern l\u00e9tes\u00edtm\u00e9nyk\u00e9nt k\u00edn\u00e1l kikapcsol\u00f3d\u00e1st minden koroszt\u00e1ly sz\u00e1m\u00e1ra.<\/p>\n\n\n\n<p>A fedett term\u00e1lf\u00fcrd\u0151 n\u00e9gy belt\u00e9ri medenc\u00e9vel rendelkezik, k\u00f6zt\u00fck egy pancsol\u00f3medenc\u00e9vel a legkisebbek sz\u00e1m\u00e1ra, amely mini cs\u00faszd\u00e1val van felszerelve. Az \u00e9lm\u00e9nymedenc\u00e9ben n\u00e9gy nyakzuhany, a sodr\u00f3medenc\u00e9ben pedig kancs\u00f3s v\u00edzsugarak \u00e9s sodr\u00f3 elem biztos\u00edtj\u00e1k a felfriss\u00fcl\u00e9st. A feln\u0151ttek sz\u00e1m\u00e1ra kialak\u00edtott \u00fcl\u0151medence magasabb h\u0151m\u00e9rs\u00e9klet\u0171 v\u00edzzel v\u00e1rja a 14 \u00e9ven fel\u00fcli vend\u00e9geket. A komplexumb\u00f3l k\u00f6zvetlen\u00fcl el\u00e9rhet\u0151 egy k\u00fclt\u00e9ri mozaikos medence is, amelynek v\u00edzh\u0151m\u00e9rs\u00e9klete 36\u00b0C.<\/p>\n\n\n\n<h2 class=\"wp-block-heading\" id=\"h-medencek-es-szolgaltatasok\"><strong>Medenc\u00e9k \u00e9s szolg\u00e1ltat\u00e1sok<\/strong><\/h2>\n\n\n\n<p>A ny\u00e1ri szezonban, m\u00e1jus 30-t\u00f3l kezd\u0151d\u0151en, a f\u00fcrd\u0151 tov\u00e1bbi h\u00e9t k\u00fclt\u00e9ri medenc\u00e9vel b\u0151v\u00fcl, \u00edgy \u00f6sszesen 12 medence \u00e1ll a l\u00e1togat\u00f3k rendelkez\u00e9s\u00e9re. A strandter\u00fcleten babapancsol\u00f3, v\u00edziv\u00e1r \u00e9s gyermekmedence v\u00e1rja a gyerekeket, m\u00edg a feln\u0151ttek sz\u00e1m\u00e1ra 25 m\u00e9teres \u00fasz\u00f3medence, pergol\u00e1s \u00e9s fokozatosan m\u00e9ly\u00fcl\u0151 \u00fcl\u0151medence biztos\u00edtja a sportol\u00e1s \u00e9s pihen\u00e9s lehet\u0151s\u00e9g\u00e9t.&nbsp;<\/p>\n\n\n\n<h2 class=\"wp-block-heading\" id=\"h-szaunapark\"><strong>Szaunapark<\/strong><\/h2>\n\n\n\n<p>A <a href=\"https:\/\/www.hertelendifurdo.hu\/hu\/sauna\/non-textile\">szaunapark k\u00e9t r\u00e9szleggel rendelkezik:<\/a> textiles \u00e9s textilesmentes. A textiles r\u00e9szlegben infrakabin, aroma szauna \u00e9s finn szauna tal\u00e1lhat\u00f3, melyek haszn\u00e1lata sor\u00e1n a testet text\u00edli\u00e1val kell fedni. A textilesmentes r\u00e9szleg a profi szaun\u00e1z\u00f3k ig\u00e9nyeit szolg\u00e1lja ki, ahol finn szauna, infra szauna, g\u0151zkabin \u00e9s fat\u00fczel\u00e9ses szauna \u00e1ll rendelkez\u00e9sre. A szaunaparkban k\u00e9pzett szaunamesterek \u00e1ltal vezetett programok, pihen\u0151szob\u00e1k, parajdi s\u00f3barlang, d\u00e9zsazuhanyok \u00e9s frissleveg\u0151s udvar biztos\u00edtj\u00e1k a teljes kikapcsol\u00f3d\u00e1st.\u00a0<\/p>\n\n\n\n<h2 class=\"wp-block-heading\" id=\"h-termalviz-osszetetele-es-jotekony-hatasai\"><strong>Term\u00e1lv\u00edz \u00f6sszet\u00e9tele \u00e9s j\u00f3t\u00e9kony hat\u00e1sai<\/strong><\/h2>\n\n\n\n<p>A f\u00fcrd\u0151t t\u00e1pl\u00e1l\u00f3 38\u00b0C \u00e9s 68\u00b0C h\u0151m\u00e9rs\u00e9klet\u0171 term\u00e1lv\u00edz n\u00e1trium-hidrog\u00e9n-karbon\u00e1tos jelleg\u0171, l\u00e1gy, fluoridos term\u00e1lv\u00edz, amely term\u00e9szetes \u00e1sv\u00e1nyv\u00edznek min\u0151s\u00fcl. A v\u00edz \u00f6sszet\u00e9tele kedvez\u0151en hat a reumatikus, \u00edz\u00fcleti, kering\u00e9si \u00e9s idegrendszeri megbeteged\u00e9sekre, valamint iv\u00f3k\u00farak\u00e9nt alkalmazva a fog\u00ednybetegs\u00e9gek kezel\u00e9s\u00e9re is alkalmas.&nbsp;<\/p>\n\n\n\n<h2 class=\"wp-block-heading\" id=\"h-nyitvatartas-es-elerhetosegek\"><strong>Nyitvatart\u00e1s \u00e9s el\u00e9rhet\u0151s\u00e9gek<\/strong><\/h2>\n\n\n\n<p>A term\u00e1lf\u00fcrd\u0151 nyitvatart\u00e1sa a k\u00f6vetkez\u0151:<\/p>\n\n\n\n<ul class=\"wp-block-list\">\n<li><strong>H\u00e9tf\u0151<\/strong>: 12:00 &#8211; 18:30<\/li>\n\n\n\n<li><strong>Kedd<\/strong>: 09:30 &#8211; 18:30<\/li>\n\n\n\n<li><strong>Szerda<\/strong>: 12:00 &#8211; 18:30<\/li>\n\n\n\n<li><strong>Cs\u00fct\u00f6rt\u00f6k<\/strong>: 09:30 &#8211; 18:30<\/li>\n\n\n\n<li><strong>P\u00e9ntek<\/strong>: 12:00 &#8211; 22:00<\/li>\n\n\n\n<li><strong>Szombat<\/strong>: 09:30 &#8211; 22:00<\/li>\n\n\n\n<li><strong>Vas\u00e1rnap<\/strong>: 09:30 &#8211; 18:30<\/li>\n<\/ul>\n\n\n\n<p>A szaunapark nyitvatart\u00e1sa elt\u00e9r\u0151, r\u00e9szletek\u00e9rt \u00e9rdemes a<strong><a href=\"https:\/\/www.hertelendifurdo.hu\/hu\/working-hours\/openings\"> f\u00fcrd\u0151 hivatalos honlapj\u00e1n<\/a><\/strong> t\u00e1j\u00e9koz\u00f3dni.<\/p>\n\n\n\n<h2 class=\"wp-block-heading\" id=\"h-elerhetoseg\"><strong>Contact<\/strong>:<\/h2>\n\n\n\n<ul class=\"wp-block-list\">\n<li>C\u00edm: 7394 Magyarhertelend, Bokr\u00e9ta utca 1\/A<\/li>\n\n\n\n<li>Telefon: +36 72 521 061<\/li>\n\n\n\n<li>E-mail:\u00a0<a>info@hertelendifurdo.hu<\/a><\/li>\n<\/ul>\n\n\n\n<p>A Hertelendi Term\u00e1lf\u00fcrd\u0151 \u00e9s Szaunapark ide\u00e1lis v\u00e1laszt\u00e1s mindazok sz\u00e1m\u00e1ra, akik nyugodt, term\u00e9szetk\u00f6zeli k\u00f6rnyezetben szeretn\u00e9nek felt\u00f6lt\u0151dni \u00e9s \u00e9lvezni a term\u00e1lv\u00edz j\u00f3t\u00e9kony hat\u00e1sait.<\/p>","protected":false},"excerpt":{"rendered":"<p>A Hertelendi Term\u00e1lf\u00fcrd\u0151 \u00e9s Szaunapark a fest\u0151i Magyarhertelenden, P\u00e9cst\u0151l mind\u00f6ssze 20 km-re tal\u00e1lhat\u00f3, \u00e9s eg\u00e9sz \u00e9vben v\u00e1rja a pihenni v\u00e1gy\u00f3kat. A f\u00fcrd\u0151 2007 \u00f3ta folyamatos fejleszt\u00e9seken esett \u00e1t, \u00edgy m\u00e1ra modern l\u00e9tes\u00edtm\u00e9nyk\u00e9nt k\u00edn\u00e1l kikapcsol\u00f3d\u00e1st minden koroszt\u00e1ly sz\u00e1m\u00e1ra. A fedett term\u00e1lf\u00fcrd\u0151 n\u00e9gy belt\u00e9ri medenc\u00e9vel rendelkezik, k\u00f6zt\u00fck egy pancsol\u00f3medenc\u00e9vel a legkisebbek sz\u00e1m\u00e1ra, amely mini cs\u00faszd\u00e1val van felszerelve. [&hellip;]<\/p>","protected":false},"author":4,"featured_media":5486,"comment_status":"open","ping_status":"open","sticky":false,"template":"","format":"standard","meta":{"_monsterinsights_skip_tracking":false,"_monsterinsights_sitenote_active":false,"_monsterinsights_sitenote_note":"","_monsterinsights_sitenote_category":0,"footnotes":""},"categories":[1],"tags":[],"class_list":["post-5485","post","type-post","status-publish","format-standard","has-post-thumbnail","hentry","category-programok"],"yoast_head":"<!-- This site is optimized with the Yoast SEO Premium plugin v24.4 (Yoast SEO v24.4) - https:\/\/yoast.com\/wordpress\/plugins\/seo\/ -->\n<title>Calm Resort Hertelend \u2013 Gy\u00f3gy\u00edt\u00f3 term\u00e1lv\u00edz \u00e9s exkluz\u00edv wellness \u00e9lm\u00e9nyek<\/title>\n<meta name=\"description\" content=\"Fedezze fel a Hertelendi Term\u00e1lf\u00fcrd\u0151 \u00e9s Szaunapark \u00e9lm\u00e9ny\u00e9t. Pihenjen 12 medence \u00e9s modern l\u00e9tes\u00edtm\u00e9nyek k\u00f6z\u00f6tt!\" \/>\n<meta name=\"robots\" content=\"index, follow, max-snippet:-1, max-image-preview:large, max-video-preview:-1\" \/>\n<link rel=\"canonical\" href=\"https:\/\/calmresort.hu\/en\/hertelendi-termalfurdo-es-szaunapark\/\" \/>\n<meta property=\"og:locale\" content=\"en_US\" \/>\n<meta property=\"og:type\" content=\"article\" \/>\n<meta property=\"og:title\" content=\"Hertelendi Term\u00e1lf\u00fcrd\u0151 \u00e9s Szaunapark\" \/>\n<meta property=\"og:description\" content=\"Fedezze fel a Hertelendi Term\u00e1lf\u00fcrd\u0151 \u00e9s Szaunapark \u00e9lm\u00e9ny\u00e9t. Pihenjen 12 medence \u00e9s modern l\u00e9tes\u00edtm\u00e9nyek k\u00f6z\u00f6tt!\" \/>\n<meta property=\"og:url\" content=\"https:\/\/calmresort.hu\/en\/hertelendi-termalfurdo-es-szaunapark\/\" \/>\n<meta property=\"og:site_name\" content=\"Calm Resort Hertelend\" \/>\n<meta property=\"article:publisher\" content=\"https:\/\/www.facebook.com\/CalmResortHertelend\" \/>\n<meta property=\"article:published_time\" content=\"2025-02-15T13:02:42+00:00\" \/>\n<meta property=\"article:modified_time\" content=\"2025-02-15T13:18:38+00:00\" \/>\n<meta property=\"og:image\" content=\"https:\/\/calmresort.hu\/wp-content\/uploads\/2025\/02\/termal-1.jpeg\" \/>\n\t<meta property=\"og:image:width\" content=\"2100\" \/>\n\t<meta property=\"og:image:height\" content=\"1575\" \/>\n\t<meta property=\"og:image:type\" content=\"image\/jpeg\" \/>\n<meta name=\"author\" content=\"Bezzegh Kriszti\u00e1n\" \/>\n<meta name=\"twitter:card\" content=\"summary_large_image\" \/>\n<meta name=\"twitter:label1\" content=\"Written by\" \/>\n\t<meta name=\"twitter:data1\" content=\"Bezzegh Kriszti\u00e1n\" \/>\n\t<meta name=\"twitter:label2\" content=\"Est. reading time\" \/>\n\t<meta name=\"twitter:data2\" content=\"2 minutes\" \/>\n<script type=\"application\/ld+json\" class=\"yoast-schema-graph\">{\"@context\":\"https:\/\/schema.org\",\"@graph\":[{\"@type\":\"Article\",\"@id\":\"https:\/\/calmresort.hu\/hertelendi-termalfurdo-es-szaunapark\/#article\",\"isPartOf\":{\"@id\":\"https:\/\/calmresort.hu\/hertelendi-termalfurdo-es-szaunapark\/\"},\"author\":{\"name\":\"Bezzegh Kriszti\u00e1n\",\"@id\":\"https:\/\/calmresort.hu\/#\/schema\/person\/d770d57bc8b5afb360bc532d91dba110\"},\"headline\":\"Hertelendi Term\u00e1lf\u00fcrd\u0151 \u00e9s Szaunapark\",\"datePublished\":\"2025-02-15T13:02:42+00:00\",\"dateModified\":\"2025-02-15T13:18:38+00:00\",\"mainEntityOfPage\":{\"@id\":\"https:\/\/calmresort.hu\/hertelendi-termalfurdo-es-szaunapark\/\"},\"wordCount\":545,\"commentCount\":0,\"publisher\":{\"@id\":\"https:\/\/calmresort.hu\/#organization\"},\"image\":{\"@id\":\"https:\/\/calmresort.hu\/hertelendi-termalfurdo-es-szaunapark\/#primaryimage\"},\"thumbnailUrl\":\"https:\/\/calmresort.hu\/wp-content\/uploads\/2025\/02\/termal-1.webp\",\"articleSection\":[\"Programok\"],\"inLanguage\":\"en-US\",\"potentialAction\":[{\"@type\":\"CommentAction\",\"name\":\"Comment\",\"target\":[\"https:\/\/calmresort.hu\/hertelendi-termalfurdo-es-szaunapark\/#respond\"]}]},{\"@type\":\"WebPage\",\"@id\":\"https:\/\/calmresort.hu\/hertelendi-termalfurdo-es-szaunapark\/\",\"url\":\"https:\/\/calmresort.hu\/hertelendi-termalfurdo-es-szaunapark\/\",\"name\":\"Calm Resort Hertelend \u2013 Gy\u00f3gy\u00edt\u00f3 term\u00e1lv\u00edz \u00e9s exkluz\u00edv wellness \u00e9lm\u00e9nyek\",\"isPartOf\":{\"@id\":\"https:\/\/calmresort.hu\/#website\"},\"primaryImageOfPage\":{\"@id\":\"https:\/\/calmresort.hu\/hertelendi-termalfurdo-es-szaunapark\/#primaryimage\"},\"image\":{\"@id\":\"https:\/\/calmresort.hu\/hertelendi-termalfurdo-es-szaunapark\/#primaryimage\"},\"thumbnailUrl\":\"https:\/\/calmresort.hu\/wp-content\/uploads\/2025\/02\/termal-1.webp\",\"datePublished\":\"2025-02-15T13:02:42+00:00\",\"dateModified\":\"2025-02-15T13:18:38+00:00\",\"description\":\"Fedezze fel a Hertelendi Term\u00e1lf\u00fcrd\u0151 \u00e9s Szaunapark \u00e9lm\u00e9ny\u00e9t. Pihenjen 12 medence \u00e9s modern l\u00e9tes\u00edtm\u00e9nyek k\u00f6z\u00f6tt!\",\"breadcrumb\":{\"@id\":\"https:\/\/calmresort.hu\/hertelendi-termalfurdo-es-szaunapark\/#breadcrumb\"},\"inLanguage\":\"en-US\",\"potentialAction\":[{\"@type\":\"ReadAction\",\"target\":[\"https:\/\/calmresort.hu\/hertelendi-termalfurdo-es-szaunapark\/\"]}]},{\"@type\":\"ImageObject\",\"inLanguage\":\"en-US\",\"@id\":\"https:\/\/calmresort.hu\/hertelendi-termalfurdo-es-szaunapark\/#primaryimage\",\"url\":\"https:\/\/calmresort.hu\/wp-content\/uploads\/2025\/02\/termal-1.webp\",\"contentUrl\":\"https:\/\/calmresort.hu\/wp-content\/uploads\/2025\/02\/termal-1.webp\",\"width\":1920,\"height\":1440,\"caption\":\"Term\u00e1lf\u00fcrd\u0151 Magyarhertelend\"},{\"@type\":\"BreadcrumbList\",\"@id\":\"https:\/\/calmresort.hu\/hertelendi-termalfurdo-es-szaunapark\/#breadcrumb\",\"itemListElement\":[{\"@type\":\"ListItem\",\"position\":1,\"name\":\"Kezd\u0151lap\",\"item\":\"https:\/\/calmresort.hu\/\"},{\"@type\":\"ListItem\",\"position\":2,\"name\":\"Hertelendi Term\u00e1lf\u00fcrd\u0151 \u00e9s Szaunapark\"}]},{\"@type\":\"WebSite\",\"@id\":\"https:\/\/calmresort.hu\/#website\",\"url\":\"https:\/\/calmresort.hu\/\",\"name\":\"Calm Resort Hertelend\",\"description\":\"Erd\u0151sz\u00e9li nyugalom \u00e9s wellness a Mecsek l\u00e1b\u00e1n\u00e1l.\",\"publisher\":{\"@id\":\"https:\/\/calmresort.hu\/#organization\"},\"alternateName\":\"Csal\u00e1di apartmanok\",\"potentialAction\":[{\"@type\":\"SearchAction\",\"target\":{\"@type\":\"EntryPoint\",\"urlTemplate\":\"https:\/\/calmresort.hu\/?s={search_term_string}\"},\"query-input\":{\"@type\":\"PropertyValueSpecification\",\"valueRequired\":true,\"valueName\":\"search_term_string\"}}],\"inLanguage\":\"en-US\"},{\"@type\":\"Organization\",\"@id\":\"https:\/\/calmresort.hu\/#organization\",\"name\":\"Calm Resort Hertelend\",\"url\":\"https:\/\/calmresort.hu\/\",\"logo\":{\"@type\":\"ImageObject\",\"inLanguage\":\"en-US\",\"@id\":\"https:\/\/calmresort.hu\/#\/schema\/logo\/image\/\",\"url\":\"https:\/\/calmresort.hu\/wp-content\/uploads\/2024\/01\/CR_Logo2.png\",\"contentUrl\":\"https:\/\/calmresort.hu\/wp-content\/uploads\/2024\/01\/CR_Logo2.png\",\"width\":1000,\"height\":1000,\"caption\":\"Calm Resort Hertelend\"},\"image\":{\"@id\":\"https:\/\/calmresort.hu\/#\/schema\/logo\/image\/\"},\"sameAs\":[\"https:\/\/www.facebook.com\/CalmResortHertelend\",\"https:\/\/www.instagram.com\/calmresorthertelend\/\"],\"publishingPrinciples\":\"https:\/\/calmresort.hu\/informaciok\/hazirend\/\",\"ownershipFundingInfo\":\"https:\/\/calmresort.hu\/informaciok\/\",\"actionableFeedbackPolicy\":\"https:\/\/calmresort.hu\/altalanos-szerzodesi-feltetelek\/\"},{\"@type\":\"Person\",\"@id\":\"https:\/\/calmresort.hu\/#\/schema\/person\/d770d57bc8b5afb360bc532d91dba110\",\"name\":\"Bezzegh Kriszti\u00e1n\",\"image\":{\"@type\":\"ImageObject\",\"inLanguage\":\"en-US\",\"@id\":\"https:\/\/calmresort.hu\/#\/schema\/person\/image\/\",\"url\":\"https:\/\/secure.gravatar.com\/avatar\/8ed04dccbf2e0f1adfe6ec6c026fe093b7b19d442b4a98af1fc2e38f7f7263cf?s=96&d=mm&r=g\",\"contentUrl\":\"https:\/\/secure.gravatar.com\/avatar\/8ed04dccbf2e0f1adfe6ec6c026fe093b7b19d442b4a98af1fc2e38f7f7263cf?s=96&d=mm&r=g\",\"caption\":\"Bezzegh Kriszti\u00e1n\"},\"url\":\"https:\/\/calmresort.hu\/en\/author\/hammer-chris74\/\"}]}<\/script>\n<!-- \/ Yoast SEO Premium plugin. -->","yoast_head_json":{"title":"Calm Resort Hertelend \u2013 Gy\u00f3gy\u00edt\u00f3 term\u00e1lv\u00edz \u00e9s exkluz\u00edv wellness \u00e9lm\u00e9nyek","description":"Fedezze fel a Hertelendi Term\u00e1lf\u00fcrd\u0151 \u00e9s Szaunapark \u00e9lm\u00e9ny\u00e9t. Pihenjen 12 medence \u00e9s modern l\u00e9tes\u00edtm\u00e9nyek k\u00f6z\u00f6tt!","robots":{"index":"index","follow":"follow","max-snippet":"max-snippet:-1","max-image-preview":"max-image-preview:large","max-video-preview":"max-video-preview:-1"},"canonical":"https:\/\/calmresort.hu\/en\/hertelendi-termalfurdo-es-szaunapark\/","og_locale":"en_US","og_type":"article","og_title":"Hertelendi Term\u00e1lf\u00fcrd\u0151 \u00e9s Szaunapark","og_description":"Fedezze fel a Hertelendi Term\u00e1lf\u00fcrd\u0151 \u00e9s Szaunapark \u00e9lm\u00e9ny\u00e9t. Pihenjen 12 medence \u00e9s modern l\u00e9tes\u00edtm\u00e9nyek k\u00f6z\u00f6tt!","og_url":"https:\/\/calmresort.hu\/en\/hertelendi-termalfurdo-es-szaunapark\/","og_site_name":"Calm Resort Hertelend","article_publisher":"https:\/\/www.facebook.com\/CalmResortHertelend","article_published_time":"2025-02-15T13:02:42+00:00","article_modified_time":"2025-02-15T13:18:38+00:00","og_image":[{"width":2100,"height":1575,"url":"https:\/\/calmresort.hu\/wp-content\/uploads\/2025\/02\/termal-1.jpeg","type":"image\/jpeg"}],"author":"Bezzegh Kriszti\u00e1n","twitter_card":"summary_large_image","twitter_misc":{"Written by":"Bezzegh Kriszti\u00e1n","Est. reading time":"2 minutes"},"schema":{"@context":"https:\/\/schema.org","@graph":[{"@type":"Article","@id":"https:\/\/calmresort.hu\/hertelendi-termalfurdo-es-szaunapark\/#article","isPartOf":{"@id":"https:\/\/calmresort.hu\/hertelendi-termalfurdo-es-szaunapark\/"},"author":{"name":"Bezzegh Kriszti\u00e1n","@id":"https:\/\/calmresort.hu\/#\/schema\/person\/d770d57bc8b5afb360bc532d91dba110"},"headline":"Hertelendi Term\u00e1lf\u00fcrd\u0151 \u00e9s Szaunapark","datePublished":"2025-02-15T13:02:42+00:00","dateModified":"2025-02-15T13:18:38+00:00","mainEntityOfPage":{"@id":"https:\/\/calmresort.hu\/hertelendi-termalfurdo-es-szaunapark\/"},"wordCount":545,"commentCount":0,"publisher":{"@id":"https:\/\/calmresort.hu\/#organization"},"image":{"@id":"https:\/\/calmresort.hu\/hertelendi-termalfurdo-es-szaunapark\/#primaryimage"},"thumbnailUrl":"https:\/\/calmresort.hu\/wp-content\/uploads\/2025\/02\/termal-1.webp","articleSection":["Programok"],"inLanguage":"en-US","potentialAction":[{"@type":"CommentAction","name":"Comment","target":["https:\/\/calmresort.hu\/hertelendi-termalfurdo-es-szaunapark\/#respond"]}]},{"@type":"WebPage","@id":"https:\/\/calmresort.hu\/hertelendi-termalfurdo-es-szaunapark\/","url":"https:\/\/calmresort.hu\/hertelendi-termalfurdo-es-szaunapark\/","name":"Calm Resort Hertelend \u2013 Gy\u00f3gy\u00edt\u00f3 term\u00e1lv\u00edz \u00e9s exkluz\u00edv wellness \u00e9lm\u00e9nyek","isPartOf":{"@id":"https:\/\/calmresort.hu\/#website"},"primaryImageOfPage":{"@id":"https:\/\/calmresort.hu\/hertelendi-termalfurdo-es-szaunapark\/#primaryimage"},"image":{"@id":"https:\/\/calmresort.hu\/hertelendi-termalfurdo-es-szaunapark\/#primaryimage"},"thumbnailUrl":"https:\/\/calmresort.hu\/wp-content\/uploads\/2025\/02\/termal-1.webp","datePublished":"2025-02-15T13:02:42+00:00","dateModified":"2025-02-15T13:18:38+00:00","description":"Fedezze fel a Hertelendi Term\u00e1lf\u00fcrd\u0151 \u00e9s Szaunapark \u00e9lm\u00e9ny\u00e9t. Pihenjen 12 medence \u00e9s modern l\u00e9tes\u00edtm\u00e9nyek k\u00f6z\u00f6tt!","breadcrumb":{"@id":"https:\/\/calmresort.hu\/hertelendi-termalfurdo-es-szaunapark\/#breadcrumb"},"inLanguage":"en-US","potentialAction":[{"@type":"ReadAction","target":["https:\/\/calmresort.hu\/hertelendi-termalfurdo-es-szaunapark\/"]}]},{"@type":"ImageObject","inLanguage":"en-US","@id":"https:\/\/calmresort.hu\/hertelendi-termalfurdo-es-szaunapark\/#primaryimage","url":"https:\/\/calmresort.hu\/wp-content\/uploads\/2025\/02\/termal-1.webp","contentUrl":"https:\/\/calmresort.hu\/wp-content\/uploads\/2025\/02\/termal-1.webp","width":1920,"height":1440,"caption":"Term\u00e1lf\u00fcrd\u0151 Magyarhertelend"},{"@type":"BreadcrumbList","@id":"https:\/\/calmresort.hu\/hertelendi-termalfurdo-es-szaunapark\/#breadcrumb","itemListElement":[{"@type":"ListItem","position":1,"name":"Kezd\u0151lap","item":"https:\/\/calmresort.hu\/"},{"@type":"ListItem","position":2,"name":"Hertelendi Term\u00e1lf\u00fcrd\u0151 \u00e9s Szaunapark"}]},{"@type":"WebSite","@id":"https:\/\/calmresort.hu\/#website","url":"https:\/\/calmresort.hu\/","name":"Calm Resort Hertelend","description":"Erd\u0151sz\u00e9li nyugalom \u00e9s wellness a Mecsek l\u00e1b\u00e1n\u00e1l.","publisher":{"@id":"https:\/\/calmresort.hu\/#organization"},"alternateName":"Csal\u00e1di apartmanok","potentialAction":[{"@type":"SearchAction","target":{"@type":"EntryPoint","urlTemplate":"https:\/\/calmresort.hu\/?s={search_term_string}"},"query-input":{"@type":"PropertyValueSpecification","valueRequired":true,"valueName":"search_term_string"}}],"inLanguage":"en-US"},{"@type":"Organization","@id":"https:\/\/calmresort.hu\/#organization","name":"Calm Resort Hertelend","url":"https:\/\/calmresort.hu\/","logo":{"@type":"ImageObject","inLanguage":"en-US","@id":"https:\/\/calmresort.hu\/#\/schema\/logo\/image\/","url":"https:\/\/calmresort.hu\/wp-content\/uploads\/2024\/01\/CR_Logo2.png","contentUrl":"https:\/\/calmresort.hu\/wp-content\/uploads\/2024\/01\/CR_Logo2.png","width":1000,"height":1000,"caption":"Calm Resort Hertelend"},"image":{"@id":"https:\/\/calmresort.hu\/#\/schema\/logo\/image\/"},"sameAs":["https:\/\/www.facebook.com\/CalmResortHertelend","https:\/\/www.instagram.com\/calmresorthertelend\/"],"publishingPrinciples":"https:\/\/calmresort.hu\/informaciok\/hazirend\/","ownershipFundingInfo":"https:\/\/calmresort.hu\/informaciok\/","actionableFeedbackPolicy":"https:\/\/calmresort.hu\/altalanos-szerzodesi-feltetelek\/"},{"@type":"Person","@id":"https:\/\/calmresort.hu\/#\/schema\/person\/d770d57bc8b5afb360bc532d91dba110","name":"Bezzegh Kriszti\u00e1n","image":{"@type":"ImageObject","inLanguage":"en-US","@id":"https:\/\/calmresort.hu\/#\/schema\/person\/image\/","url":"https:\/\/secure.gravatar.com\/avatar\/8ed04dccbf2e0f1adfe6ec6c026fe093b7b19d442b4a98af1fc2e38f7f7263cf?s=96&d=mm&r=g","contentUrl":"https:\/\/secure.gravatar.com\/avatar\/8ed04dccbf2e0f1adfe6ec6c026fe093b7b19d442b4a98af1fc2e38f7f7263cf?s=96&d=mm&r=g","caption":"Bezzegh Kriszti\u00e1n"},"url":"https:\/\/calmresort.hu\/en\/author\/hammer-chris74\/"}]}},"_links":{"self":[{"href":"https:\/\/calmresort.hu\/en\/wp-json\/wp\/v2\/posts\/5485","targetHints":{"allow":["GET"]}}],"collection":[{"href":"https:\/\/calmresort.hu\/en\/wp-json\/wp\/v2\/posts"}],"about":[{"href":"https:\/\/calmresort.hu\/en\/wp-json\/wp\/v2\/types\/post"}],"author":[{"embeddable":true,"href":"https:\/\/calmresort.hu\/en\/wp-json\/wp\/v2\/users\/4"}],"replies":[{"embeddable":true,"href":"https:\/\/calmresort.hu\/en\/wp-json\/wp\/v2\/comments?post=5485"}],"version-history":[{"count":2,"href":"https:\/\/calmresort.hu\/en\/wp-json\/wp\/v2\/posts\/5485\/revisions"}],"predecessor-version":[{"id":5494,"href":"https:\/\/calmresort.hu\/en\/wp-json\/wp\/v2\/posts\/5485\/revisions\/5494"}],"wp:featuredmedia":[{"embeddable":true,"href":"https:\/\/calmresort.hu\/en\/wp-json\/wp\/v2\/media\/5486"}],"wp:attachment":[{"href":"https:\/\/calmresort.hu\/en\/wp-json\/wp\/v2\/media?parent=5485"}],"wp:term":[{"taxonomy":"category","embeddable":true,"href":"https:\/\/calmresort.hu\/en\/wp-json\/wp\/v2\/categories?post=5485"},{"taxonomy":"post_tag","embeddable":true,"href":"https:\/\/calmresort.hu\/en\/wp-json\/wp\/v2\/tags?post=5485"}],"curies":[{"name":"wp","href":"https:\/\/api.w.org\/{rel}","templated":true}]}}