{"id":5496,"date":"2025-02-23T11:41:39","date_gmt":"2025-02-23T09:41:39","guid":{"rendered":"https:\/\/calmresort.hu\/?p=5496"},"modified":"2025-02-23T11:52:39","modified_gmt":"2025-02-23T09:52:39","slug":"orfu-a-mecsek-gyongyszeme","status":"publish","type":"post","link":"https:\/\/calmresort.hu\/en\/orfu-a-mecsek-gyongyszeme\/","title":{"rendered":"Orf\u0171 \u2013 A Mecsek gy\u00f6ngyszeme"},"content":{"rendered":"<h3 class=\"wp-block-heading\" id=\"h-a-mecsek-hegyei-kozott-megbuvo-orfu-egy-igazi-termeszeti-kincs-amely-a-kirandulok-vizi-sportok-szerelmesei-es-a-nyugalmat-keresok-kedvelt-uti-celja-az-orfui-torendszer-kialakitasa-az-1960-as-evek-elejen-kezdodott-celja-a-bovizu-karsztforrasok-hasznositasa-es-egy-uduloterulet-letrehozasa-volt-a-negy-tobol-allo-rendszer-legnagyobb-tagja-a-pecsi-to-amely-a-furdozok-horgaszok-es-vizi-sportokat-kedvelok-egyik-kedvence\">A Mecsek hegyei k\u00f6z\u00f6tt megb\u00fav\u00f3\u00a0<strong>Orf\u0171<\/strong>\u00a0egy igazi term\u00e9szeti kincs, amely a kir\u00e1ndul\u00f3k, v\u00edzi sportok szerelmesei \u00e9s a nyugalmat keres\u0151k kedvelt \u00fati c\u00e9lja. Az\u00a0<strong>orf\u0171i t\u00f3rendszer<\/strong>\u00a0kialak\u00edt\u00e1sa az 1960-as \u00e9vek elej\u00e9n kezd\u0151d\u00f6tt, c\u00e9lja a b\u0151viz\u0171 karsztforr\u00e1sok hasznos\u00edt\u00e1sa \u00e9s egy \u00fcd\u00fcl\u0151ter\u00fclet l\u00e9trehoz\u00e1sa volt. A n\u00e9gy t\u00f3b\u00f3l \u00e1ll\u00f3 rendszer legnagyobb tagja a\u00a0<strong>P\u00e9csi-t\u00f3<\/strong>, amely a f\u00fcrd\u0151z\u0151k, horg\u00e1szok \u00e9s v\u00edzi sportokat kedvel\u0151k egyik kedvence.<\/h3>\n\n\n\n<hr class=\"wp-block-separator has-alpha-channel-opacity\"\/>\n\n\n\n<h2 class=\"wp-block-heading\" id=\"h-vizparti-kikapcsolodas-es-aktiv-pihenes\"><strong>V\u00edzparti kikapcsol\u00f3d\u00e1s \u00e9s akt\u00edv pihen\u00e9s<\/strong><\/h2>\n\n\n\n<h3 class=\"wp-block-heading\" id=\"h-pecsi-to-a-vizi-sportok-paradicsoma\"><strong>P\u00e9csi-t\u00f3 \u2013 A v\u00edzi sportok paradicsoma<\/strong><\/h3>\n\n\n\n<p>A 72 hekt\u00e1ros&nbsp;<strong>P\u00e9csi-t\u00f3<\/strong>&nbsp;kiv\u00e1l\u00f3 lehet\u0151s\u00e9geket k\u00edn\u00e1l mindazok sz\u00e1m\u00e1ra, akik szeretn\u00e9nek a v\u00edzparton laz\u00edtani vagy akt\u00edv programokon r\u00e9szt venni. Ha az Orf\u0171 l\u00e1tnival\u00f3k ir\u00e1nt \u00e9rdekl\u0151dsz, a ny\u00e1ri h\u00f3napokban lehet\u0151s\u00e9g van&nbsp;<strong>kajakoz\u00e1sra, kenuz\u00e1sra, SUP-oz\u00e1sra, vitorl\u00e1z\u00e1sra \u00e9s horg\u00e1szatra<\/strong>, a parton pedig homokos strand \u00e9s j\u00e1tsz\u00f3terek v\u00e1rj\u00e1k a csal\u00e1dokat.<\/p>\n\n\n\n<p>A t\u00f3 k\u00f6r\u00fcl&nbsp;<strong>6 km hossz\u00fa s\u00e9t\u00e1ny<\/strong>&nbsp;vezet, amely kiv\u00e1l\u00f3 lehet\u0151s\u00e9get biztos\u00edt egy k\u00f6nnyed s\u00e9ta vagy egy ker\u00e9kp\u00e1ros t\u00fara megt\u00e9tel\u00e9re. A biztons\u00e1gos, ki\u00e9p\u00edtett \u00fatvonal kisgyermekes csal\u00e1dok sz\u00e1m\u00e1ra is ide\u00e1lis.<\/p>\n\n\n\n<h3 class=\"wp-block-heading\" id=\"h-orfui-tavak-fedezd-fel-mind-a-negyet\"><strong>Orf\u0171i-tavak \u2013 Fedezd fel mind a n\u00e9gyet!<\/strong><\/h3>\n\n\n\n<p>Ha t\u00far\u00e1zni szeretn\u00e9l, a&nbsp;<strong>s\u00e1rga kereszt t\u00fara\u00fatvonal<\/strong>&nbsp;seg\u00edts\u00e9g\u00e9vel&nbsp;<strong>mind a n\u00e9gy tavat<\/strong>&nbsp;felfedezheted. Az \u00fatvonal a&nbsp;<strong>Hermann Ott\u00f3-t\u00f3<\/strong>&nbsp;mellett halad el, amely hal- \u00e9s mad\u00e1rrezerv\u00e1tumk\u00e9nt is funkcion\u00e1l. A&nbsp;<strong>Kis-t\u00f3 \u00e9s Tekeresi-t\u00f3<\/strong>csendesebb, nyugodtabb vize kiv\u00e1l\u00f3 helysz\u00edn a horg\u00e1szok sz\u00e1m\u00e1ra, m\u00edg a&nbsp;<strong>P\u00e9csi-t\u00f3<\/strong>&nbsp;a v\u00edzi sportok k\u00f6zpontja.<\/p>\n\n\n\n<h3 class=\"wp-block-heading\" id=\"h-medvehagyma-fesztival-tavaszi-izkavalkad\"><strong>Medvehagyma-fesztiv\u00e1l \u2013 Tavaszi \u00edzkavalk\u00e1d<\/strong><\/h3>\n\n\n\n<p>Tavasszal&nbsp;<strong>Orf\u0171 a medvehagyma otthon\u00e1v\u00e1 v\u00e1lik<\/strong>, amikor a Mecsek erd\u0151iben elter\u00fcl\u0151 z\u00f6ld n\u00f6v\u00e9ny vir\u00e1gz\u00e1snak indul. A&nbsp;<strong>Medvehagyma-fesztiv\u00e1l<\/strong>&nbsp;remek alkalmat ny\u00fajt a helyi specialit\u00e1sok megk\u00f3stol\u00e1s\u00e1ra, \u00e9s a T\u00e1jh\u00e1z- \u00e9s Kemenc\u00e9s udvarban megrendezett gasztron\u00f3miai esem\u00e9nyek l\u00e1togat\u00e1s\u00e1ra.<\/p>\n\n\n\n<hr class=\"wp-block-separator has-alpha-channel-opacity\"\/>\n\n\n\n<h2 class=\"wp-block-heading\" id=\"h-orfu-kulturalis-es-termeszeti-latnivaloi\"><strong>Orf\u0171 kultur\u00e1lis \u00e9s term\u00e9szeti l\u00e1tnival\u00f3i<\/strong><\/h2>\n\n\n\n<h3 class=\"wp-block-heading\" id=\"h-orfui-malommuzeum-utazas-a-multba\"><strong><a href=\"https:\/\/www.orfuimalmok.hu\">Orf\u0171i Malomm\u00fazeum<\/a> \u2013 Utaz\u00e1s a m\u00faltba<\/strong><\/h3>\n\n\n\n<p>Az&nbsp;<strong>Orf\u0171 Mills<\/strong>&nbsp;h\u00e1rom k\u00fcl\u00f6nleges helysz\u00ednb\u0151l \u00e1llnak:<br>\u2705&nbsp;<strong>V\u00edzi Malom<\/strong>&nbsp;\u2013 A mai napig m\u0171k\u00f6d\u0151 v\u00edzimalomban a l\u00e1togat\u00f3k megismerkedhetnek a gabona\u0151rl\u00e9s hagyom\u00e1nyaival.<br>\u2705&nbsp;<strong>Pap\u00edrmalom<\/strong>&nbsp;\u2013 Itt saj\u00e1t kez\u0171leg is elk\u00e9sz\u00edtheted pap\u00edrlapjaidat, betekint\u00e9st nyerve a pap\u00edrk\u00e9sz\u00edt\u00e9s m\u0171v\u00e9szet\u00e9be.<br>\u2705&nbsp;<strong>S\u00fct\u0151h\u00e1z<\/strong>&nbsp;\u2013 Helyben s\u00fct\u00f6tt, friss keny\u00e9r \u00e9s p\u00e9ks\u00fctem\u00e9nyek v\u00e1rj\u00e1k a l\u00e1togat\u00f3kat.<\/p>\n\n\n\n<p>Ez az interakt\u00edv m\u00fazeum t\u00f6k\u00e9letes csal\u00e1di program, ahol a gyerekek j\u00e1tszva tanulhatnak a r\u00e9gm\u00falt mesters\u00e9geir\u0151l.<\/p>\n\n\n\n<h3 class=\"wp-block-heading\" id=\"h-mecsek-haza-es-barlangaszat\"><strong>Mecsek H\u00e1za \u00e9s barlang\u00e1szat<\/strong><\/h3>\n\n\n\n<p>A&nbsp;<strong>Mecsek H\u00e1za<\/strong>&nbsp;egy k\u00fcl\u00f6nleges \u00f6koturisztikai k\u00f6zpont, ahonnan&nbsp;<strong>barlangt\u00far\u00e1k<\/strong>&nbsp;indulnak a k\u00f6rny\u00e9k&nbsp;<strong>izgalmas karsztbarlangjaiba<\/strong>. Ha vonz a f\u00f6ld alatti vil\u00e1g, itt lehet\u0151s\u00e9ged ny\u00edlik&nbsp;<strong>vezetett t\u00far\u00e1k<\/strong>&nbsp;keret\u00e9ben felfedezni a Mecsek rejtett j\u00e1ratait.<\/p>\n\n\n\n<hr class=\"wp-block-separator has-alpha-channel-opacity\"\/>\n\n\n\n<h2 class=\"wp-block-heading\" id=\"h-orfu-kornyeke-a-legjobb-kirandulohelyek-es-latnivalok\"><strong>Orf\u0171 k\u00f6rny\u00e9ke \u2013 A legjobb kir\u00e1ndul\u00f3helyek<\/strong> \u00e9s l\u00e1tnival\u00f3k<\/h2>\n\n\n\n<h3 class=\"wp-block-heading\" id=\"h-abaligeti-barlang-es-denevermuzeum\"><strong><a href=\"https:\/\/www.abaligetibarlang.hu\">Abaligeti-barlang<\/a> \u00e9s Denev\u00e9rm\u00fazeum<\/strong><\/h3>\n\n\n\n<p>Ha Orf\u0171n j\u00e1rsz, ne hagyd ki a k\u00f6zeli&nbsp;<strong>Abaligeti-barlangot<\/strong>, amely a Mecsek egyik legl\u00e1tv\u00e1nyosabb cseppk\u0151barlangja. A 466 m\u00e9ter hossz\u00fa f\u0151\u00e1g k\u00f6nnyen bej\u00e1rhat\u00f3, \u00e9s k\u00fcl\u00f6nleges kl\u00edm\u00e1ja eg\u00e9sz \u00e9vben \u00e1lland\u00f3 h\u0151m\u00e9rs\u00e9kletet biztos\u00edt. A barlang mellett tal\u00e1lhat\u00f3&nbsp;<strong>Denev\u00e9rm\u00fazeum<\/strong>&nbsp;interakt\u00edv ki\u00e1ll\u00edt\u00e1sai pedig betekint\u00e9st ny\u00fajtanak ezeknek a k\u00fcl\u00f6nleges \u00e1llatoknak az \u00e9let\u00e9be.<\/p>\n\n\n\n<h3 class=\"wp-block-heading\" id=\"h-mecsextrem-park-adrenalin-es-kaland\"><strong>Mecsextr\u00e9m Park \u2013 Adrenalin \u00e9s kaland<\/strong><\/h3>\n\n\n\n<p>Ha a csal\u00e1d akt\u00edv kikapcsol\u00f3d\u00e1sra v\u00e1gyik, l\u00e1togassatok el a&nbsp;<strong>Mecsextr\u00e9m Parkba<\/strong>, ahol:<\/p>\n\n\n\n<ul class=\"wp-block-list\">\n<li>magaslati\u00a0<strong>k\u00f6t\u00e9lp\u00e1ly\u00e1k<\/strong>,<\/li>\n\n\n\n<li><strong>\u00f3ri\u00e1scs\u00faszd\u00e1k<\/strong>,<\/li>\n\n\n\n<li><strong>quadp\u00e1lya<\/strong>\u00a0\u00e9s<\/li>\n\n\n\n<li>erdei\u00a0<strong>bobp\u00e1lya<\/strong>\u00a0v\u00e1rja a kalandv\u00e1gy\u00f3kat.<\/li>\n<\/ul>\n\n\n\n<p>Ez a hely t\u00f6k\u00e9letes v\u00e1laszt\u00e1s gyermekes csal\u00e1doknak \u00e9s bar\u00e1ti t\u00e1rsas\u00e1goknak egyar\u00e1nt.<\/p>\n\n\n\n<h3 class=\"wp-block-heading\" id=\"h-kerekparral-orfu-korul\"><strong>Ker\u00e9kp\u00e1rral Orf\u0171 k\u00f6r\u00fcl<\/strong><\/h3>\n\n\n\n<p>Orf\u0171 \u00e9s k\u00f6rny\u00e9ke kiv\u00e1l\u00f3an alkalmas&nbsp;<strong>ker\u00e9kp\u00e1ros kir\u00e1ndul\u00e1sokra<\/strong>. Az egyik legn\u00e9pszer\u0171bb \u00fatvonal:<br>\ud83d\udeb4&nbsp;<strong>Orf\u0171 \u2013 Abaliget \u2013 Kov\u00e1cssz\u00e9n\u00e1ja \u2013 Orf\u0171<\/strong><br>\u2705&nbsp;<strong>T\u00e1v:<\/strong>&nbsp;19,5 km<br>\u2705&nbsp;<strong>Szintemelked\u00e9s:<\/strong>&nbsp;300 m<br>\u2705&nbsp;<strong>Id\u0151tartam:<\/strong>&nbsp;3 \u00f3ra<br>\u2705&nbsp;<strong>L\u00e1tnival\u00f3k:<\/strong>&nbsp;Orf\u0171i Malmok, P\u00e9csi-t\u00f3, Abaligeti-barlang<\/p>\n\n\n\n<p>A t\u00f3parti ker\u00e9kp\u00e1r\u00fat k\u00fcl\u00f6n\u00f6sen kedvelt a csal\u00e1dosok k\u00f6r\u00e9ben, hiszen biztons\u00e1gosan \u00e9s k\u00e9nyelmesen k\u00f6rbebiciklizhet\u0151.<\/p>\n\n\n\n<hr class=\"wp-block-separator has-alpha-channel-opacity\"\/>\n\n\n\n<h2 class=\"wp-block-heading\" id=\"h-miert-erdemes-orfure-latogatni\"><strong>Mi\u00e9rt \u00e9rdemes Orf\u0171re l\u00e1togatni?<\/strong><\/h2>\n\n\n\n<p>\u2728&nbsp;<strong>Soksz\u00edn\u0171 kikapcsol\u00f3d\u00e1si lehet\u0151s\u00e9gek:<\/strong>&nbsp;legyen sz\u00f3 strandol\u00e1sr\u00f3l, v\u00edzi sportokr\u00f3l, barlang\u00e1szatr\u00f3l vagy t\u00far\u00e1z\u00e1sr\u00f3l, itt mindenki megtal\u00e1lja a sz\u00e1m\u00e1ra megfelel\u0151 programot.<br>\ud83c\udf3f&nbsp;<strong>Leny\u0171g\u00f6z\u0151 term\u00e9szeti k\u00f6rnyezet:<\/strong>&nbsp;a Mecsek dombjai, a krist\u00e1lytiszta tavak \u00e9s a z\u00f6ldell\u0151 erd\u0151k igazi felt\u00f6lt\u0151d\u00e9st ny\u00fajtanak.<br>\ud83c\udfe1&nbsp;<strong>Csal\u00e1dbar\u00e1t programok:<\/strong>&nbsp;a Malomm\u00fazeum, az Abaligeti-barlang \u00e9s a Mecsextr\u00e9m Park garant\u00e1lj\u00e1k, hogy a gyermekek sz\u00e1m\u00e1ra is \u00e9lvezetes legyen az utaz\u00e1s.<br>\ud83c\udf7d\ufe0f&nbsp;<strong>Helyi \u00edzek \u00e9s gasztron\u00f3miai \u00e9lm\u00e9nyek:<\/strong>&nbsp;az orf\u0171i medvehagym\u00e1s \u00e9telek \u00e9s a t\u00e1jh\u00e1zban k\u00e9sz\u00edtett kemenc\u00e9s finoms\u00e1gok kihagyhatatlanok.<\/p>\n\n\n\n<p>Orf\u0171 t\u00f6k\u00e9letes \u00fati c\u00e9l minden \u00e9vszakban, legyen sz\u00f3 ny\u00e1ri f\u00fcrd\u0151z\u00e9sr\u0151l, \u0151szi t\u00far\u00e1z\u00e1sr\u00f3l vagy tavaszi fesztiv\u00e1lokr\u00f3l. Ha szeretn\u00e9d felfedezni a&nbsp;<strong>Mecsek egyik legszebb vid\u00e9k\u00e9t<\/strong>, akkor&nbsp;<strong>Orf\u0171 garant\u00e1ltan felejthetetlen \u00e9lm\u00e9nyt ny\u00fajt!<\/strong>&nbsp;\ud83c\udf0a\ud83c\udfd5\ufe0f<\/p>\n\n\n\n<p>\ud83d\udccd\u00a0<strong>L\u00e1togass el a <a href=\"https:\/\/calmresort.hu\/en\/booking\/\">Calm Resort Hertelendbe<\/a>, \u00e9s tapasztald meg a term\u00e9szet \u00e9s a nyugalom harm\u00f3ni\u00e1j\u00e1t!<\/strong>\u00a0\ud83c\udf3f<\/p>\n\n\n\n<p><\/p>","protected":false},"excerpt":{"rendered":"<p>A Mecsek hegyei k\u00f6z\u00f6tt megb\u00fav\u00f3\u00a0Orf\u0171\u00a0egy igazi term\u00e9szeti kincs, amely a kir\u00e1ndul\u00f3k, v\u00edzi sportok szerelmesei \u00e9s a nyugalmat keres\u0151k kedvelt \u00fati c\u00e9lja. Az\u00a0orf\u0171i t\u00f3rendszer\u00a0kialak\u00edt\u00e1sa az 1960-as \u00e9vek elej\u00e9n kezd\u0151d\u00f6tt, c\u00e9lja a b\u0151viz\u0171 karsztforr\u00e1sok hasznos\u00edt\u00e1sa \u00e9s egy \u00fcd\u00fcl\u0151ter\u00fclet l\u00e9trehoz\u00e1sa volt. A n\u00e9gy t\u00f3b\u00f3l \u00e1ll\u00f3 rendszer legnagyobb tagja a\u00a0P\u00e9csi-t\u00f3, amely a f\u00fcrd\u0151z\u0151k, horg\u00e1szok \u00e9s v\u00edzi sportokat kedvel\u0151k egyik [&hellip;]<\/p>","protected":false},"author":4,"featured_media":5497,"comment_status":"open","ping_status":"open","sticky":false,"template":"","format":"standard","meta":{"_monsterinsights_skip_tracking":false,"_monsterinsights_sitenote_active":false,"_monsterinsights_sitenote_note":"","_monsterinsights_sitenote_category":0,"footnotes":""},"categories":[1],"tags":[],"class_list":["post-5496","post","type-post","status-publish","format-standard","has-post-thumbnail","hentry","category-programok"],"yoast_head":"<!-- This site is optimized with the Yoast SEO Premium plugin v24.4 (Yoast SEO v24.4) - https:\/\/yoast.com\/wordpress\/plugins\/seo\/ -->\n<title>Orf\u0171i l\u00e1tnival\u00f3k \u2013 A Mecsek rejtett gy\u00f6ngyszeme<\/title>\n<meta name=\"description\" content=\"Orf\u0171 l\u00e1tnival\u00f3k v\u00e1rnak r\u00e1d! \u00c9lvezd a v\u00edzi sportokat, a csal\u00e1di strandot \u00e9s a leny\u0171g\u00f6z\u0151 s\u00e9t\u00e1nyokat a P\u00e9csi-t\u00f3n\u00e1l.\" \/>\n<meta name=\"robots\" content=\"index, follow, max-snippet:-1, max-image-preview:large, max-video-preview:-1\" \/>\n<link rel=\"canonical\" href=\"https:\/\/calmresort.hu\/en\/orfu-a-mecsek-gyongyszeme\/\" \/>\n<meta property=\"og:locale\" content=\"en_US\" \/>\n<meta property=\"og:type\" content=\"article\" \/>\n<meta property=\"og:title\" content=\"Orf\u0171 \u2013 A Mecsek gy\u00f6ngyszeme\" \/>\n<meta property=\"og:description\" content=\"Orf\u0171 l\u00e1tnival\u00f3k v\u00e1rnak r\u00e1d! \u00c9lvezd a v\u00edzi sportokat, a csal\u00e1di strandot \u00e9s a leny\u0171g\u00f6z\u0151 s\u00e9t\u00e1nyokat a P\u00e9csi-t\u00f3n\u00e1l.\" \/>\n<meta property=\"og:url\" content=\"https:\/\/calmresort.hu\/en\/orfu-a-mecsek-gyongyszeme\/\" \/>\n<meta property=\"og:site_name\" content=\"Calm Resort Hertelend\" \/>\n<meta property=\"article:publisher\" content=\"https:\/\/www.facebook.com\/CalmResortHertelend\" \/>\n<meta property=\"article:published_time\" content=\"2025-02-23T09:41:39+00:00\" \/>\n<meta property=\"article:modified_time\" content=\"2025-02-23T09:52:39+00:00\" \/>\n<meta property=\"og:image\" content=\"https:\/\/calmresort.hu\/wp-content\/uploads\/2025\/02\/orfu.jpg\" \/>\n\t<meta property=\"og:image:width\" content=\"1024\" \/>\n\t<meta property=\"og:image:height\" content=\"768\" \/>\n\t<meta property=\"og:image:type\" content=\"image\/jpeg\" \/>\n<meta name=\"author\" content=\"Bezzegh Kriszti\u00e1n\" \/>\n<meta name=\"twitter:card\" content=\"summary_large_image\" \/>\n<meta name=\"twitter:label1\" content=\"Written by\" \/>\n\t<meta name=\"twitter:data1\" content=\"Bezzegh Kriszti\u00e1n\" \/>\n\t<meta name=\"twitter:label2\" content=\"Est. reading time\" \/>\n\t<meta name=\"twitter:data2\" content=\"4 minutes\" \/>\n<script type=\"application\/ld+json\" class=\"yoast-schema-graph\">{\"@context\":\"https:\/\/schema.org\",\"@graph\":[{\"@type\":\"Article\",\"@id\":\"https:\/\/calmresort.hu\/orfu-a-mecsek-gyongyszeme\/#article\",\"isPartOf\":{\"@id\":\"https:\/\/calmresort.hu\/orfu-a-mecsek-gyongyszeme\/\"},\"author\":{\"name\":\"Bezzegh Kriszti\u00e1n\",\"@id\":\"https:\/\/calmresort.hu\/#\/schema\/person\/d770d57bc8b5afb360bc532d91dba110\"},\"headline\":\"Orf\u0171 \u2013 A Mecsek gy\u00f6ngyszeme\",\"datePublished\":\"2025-02-23T09:41:39+00:00\",\"dateModified\":\"2025-02-23T09:52:39+00:00\",\"mainEntityOfPage\":{\"@id\":\"https:\/\/calmresort.hu\/orfu-a-mecsek-gyongyszeme\/\"},\"wordCount\":1059,\"commentCount\":0,\"publisher\":{\"@id\":\"https:\/\/calmresort.hu\/#organization\"},\"image\":{\"@id\":\"https:\/\/calmresort.hu\/orfu-a-mecsek-gyongyszeme\/#primaryimage\"},\"thumbnailUrl\":\"https:\/\/calmresort.hu\/wp-content\/uploads\/2025\/02\/orfu.webp\",\"articleSection\":[\"Programok\"],\"inLanguage\":\"en-US\",\"potentialAction\":[{\"@type\":\"CommentAction\",\"name\":\"Comment\",\"target\":[\"https:\/\/calmresort.hu\/orfu-a-mecsek-gyongyszeme\/#respond\"]}]},{\"@type\":\"WebPage\",\"@id\":\"https:\/\/calmresort.hu\/orfu-a-mecsek-gyongyszeme\/\",\"url\":\"https:\/\/calmresort.hu\/orfu-a-mecsek-gyongyszeme\/\",\"name\":\"Orf\u0171i l\u00e1tnival\u00f3k \u2013 A Mecsek rejtett gy\u00f6ngyszeme\",\"isPartOf\":{\"@id\":\"https:\/\/calmresort.hu\/#website\"},\"primaryImageOfPage\":{\"@id\":\"https:\/\/calmresort.hu\/orfu-a-mecsek-gyongyszeme\/#primaryimage\"},\"image\":{\"@id\":\"https:\/\/calmresort.hu\/orfu-a-mecsek-gyongyszeme\/#primaryimage\"},\"thumbnailUrl\":\"https:\/\/calmresort.hu\/wp-content\/uploads\/2025\/02\/orfu.webp\",\"datePublished\":\"2025-02-23T09:41:39+00:00\",\"dateModified\":\"2025-02-23T09:52:39+00:00\",\"description\":\"Orf\u0171 l\u00e1tnival\u00f3k v\u00e1rnak r\u00e1d! \u00c9lvezd a v\u00edzi sportokat, a csal\u00e1di strandot \u00e9s a leny\u0171g\u00f6z\u0151 s\u00e9t\u00e1nyokat a P\u00e9csi-t\u00f3n\u00e1l.\",\"breadcrumb\":{\"@id\":\"https:\/\/calmresort.hu\/orfu-a-mecsek-gyongyszeme\/#breadcrumb\"},\"inLanguage\":\"en-US\",\"potentialAction\":[{\"@type\":\"ReadAction\",\"target\":[\"https:\/\/calmresort.hu\/orfu-a-mecsek-gyongyszeme\/\"]}]},{\"@type\":\"ImageObject\",\"inLanguage\":\"en-US\",\"@id\":\"https:\/\/calmresort.hu\/orfu-a-mecsek-gyongyszeme\/#primaryimage\",\"url\":\"https:\/\/calmresort.hu\/wp-content\/uploads\/2025\/02\/orfu.webp\",\"contentUrl\":\"https:\/\/calmresort.hu\/wp-content\/uploads\/2025\/02\/orfu.webp\",\"width\":1024,\"height\":768,\"caption\":\"Orf\u0171i l\u00e1tnival\u00f3k\"},{\"@type\":\"BreadcrumbList\",\"@id\":\"https:\/\/calmresort.hu\/orfu-a-mecsek-gyongyszeme\/#breadcrumb\",\"itemListElement\":[{\"@type\":\"ListItem\",\"position\":1,\"name\":\"Kezd\u0151lap\",\"item\":\"https:\/\/calmresort.hu\/\"},{\"@type\":\"ListItem\",\"position\":2,\"name\":\"Orf\u0171 \u2013 A Mecsek gy\u00f6ngyszeme\"}]},{\"@type\":\"WebSite\",\"@id\":\"https:\/\/calmresort.hu\/#website\",\"url\":\"https:\/\/calmresort.hu\/\",\"name\":\"Calm Resort Hertelend\",\"description\":\"Erd\u0151sz\u00e9li nyugalom \u00e9s wellness a Mecsek l\u00e1b\u00e1n\u00e1l.\",\"publisher\":{\"@id\":\"https:\/\/calmresort.hu\/#organization\"},\"alternateName\":\"Csal\u00e1di apartmanok\",\"potentialAction\":[{\"@type\":\"SearchAction\",\"target\":{\"@type\":\"EntryPoint\",\"urlTemplate\":\"https:\/\/calmresort.hu\/?s={search_term_string}\"},\"query-input\":{\"@type\":\"PropertyValueSpecification\",\"valueRequired\":true,\"valueName\":\"search_term_string\"}}],\"inLanguage\":\"en-US\"},{\"@type\":\"Organization\",\"@id\":\"https:\/\/calmresort.hu\/#organization\",\"name\":\"Calm Resort Hertelend\",\"url\":\"https:\/\/calmresort.hu\/\",\"logo\":{\"@type\":\"ImageObject\",\"inLanguage\":\"en-US\",\"@id\":\"https:\/\/calmresort.hu\/#\/schema\/logo\/image\/\",\"url\":\"https:\/\/calmresort.hu\/wp-content\/uploads\/2024\/01\/CR_Logo2.png\",\"contentUrl\":\"https:\/\/calmresort.hu\/wp-content\/uploads\/2024\/01\/CR_Logo2.png\",\"width\":1000,\"height\":1000,\"caption\":\"Calm Resort Hertelend\"},\"image\":{\"@id\":\"https:\/\/calmresort.hu\/#\/schema\/logo\/image\/\"},\"sameAs\":[\"https:\/\/www.facebook.com\/CalmResortHertelend\",\"https:\/\/www.instagram.com\/calmresorthertelend\/\"],\"publishingPrinciples\":\"https:\/\/calmresort.hu\/informaciok\/hazirend\/\",\"ownershipFundingInfo\":\"https:\/\/calmresort.hu\/informaciok\/\",\"actionableFeedbackPolicy\":\"https:\/\/calmresort.hu\/altalanos-szerzodesi-feltetelek\/\"},{\"@type\":\"Person\",\"@id\":\"https:\/\/calmresort.hu\/#\/schema\/person\/d770d57bc8b5afb360bc532d91dba110\",\"name\":\"Bezzegh Kriszti\u00e1n\",\"image\":{\"@type\":\"ImageObject\",\"inLanguage\":\"en-US\",\"@id\":\"https:\/\/calmresort.hu\/#\/schema\/person\/image\/\",\"url\":\"https:\/\/secure.gravatar.com\/avatar\/8ed04dccbf2e0f1adfe6ec6c026fe093b7b19d442b4a98af1fc2e38f7f7263cf?s=96&d=mm&r=g\",\"contentUrl\":\"https:\/\/secure.gravatar.com\/avatar\/8ed04dccbf2e0f1adfe6ec6c026fe093b7b19d442b4a98af1fc2e38f7f7263cf?s=96&d=mm&r=g\",\"caption\":\"Bezzegh Kriszti\u00e1n\"},\"url\":\"https:\/\/calmresort.hu\/en\/author\/hammer-chris74\/\"}]}<\/script>\n<!-- \/ Yoast SEO Premium plugin. -->","yoast_head_json":{"title":"Orf\u0171i l\u00e1tnival\u00f3k \u2013 A Mecsek rejtett gy\u00f6ngyszeme","description":"Orf\u0171 l\u00e1tnival\u00f3k v\u00e1rnak r\u00e1d! \u00c9lvezd a v\u00edzi sportokat, a csal\u00e1di strandot \u00e9s a leny\u0171g\u00f6z\u0151 s\u00e9t\u00e1nyokat a P\u00e9csi-t\u00f3n\u00e1l.","robots":{"index":"index","follow":"follow","max-snippet":"max-snippet:-1","max-image-preview":"max-image-preview:large","max-video-preview":"max-video-preview:-1"},"canonical":"https:\/\/calmresort.hu\/en\/orfu-a-mecsek-gyongyszeme\/","og_locale":"en_US","og_type":"article","og_title":"Orf\u0171 \u2013 A Mecsek gy\u00f6ngyszeme","og_description":"Orf\u0171 l\u00e1tnival\u00f3k v\u00e1rnak r\u00e1d! \u00c9lvezd a v\u00edzi sportokat, a csal\u00e1di strandot \u00e9s a leny\u0171g\u00f6z\u0151 s\u00e9t\u00e1nyokat a P\u00e9csi-t\u00f3n\u00e1l.","og_url":"https:\/\/calmresort.hu\/en\/orfu-a-mecsek-gyongyszeme\/","og_site_name":"Calm Resort Hertelend","article_publisher":"https:\/\/www.facebook.com\/CalmResortHertelend","article_published_time":"2025-02-23T09:41:39+00:00","article_modified_time":"2025-02-23T09:52:39+00:00","og_image":[{"width":1024,"height":768,"url":"https:\/\/calmresort.hu\/wp-content\/uploads\/2025\/02\/orfu.jpg","type":"image\/jpeg"}],"author":"Bezzegh Kriszti\u00e1n","twitter_card":"summary_large_image","twitter_misc":{"Written by":"Bezzegh Kriszti\u00e1n","Est. reading time":"4 minutes"},"schema":{"@context":"https:\/\/schema.org","@graph":[{"@type":"Article","@id":"https:\/\/calmresort.hu\/orfu-a-mecsek-gyongyszeme\/#article","isPartOf":{"@id":"https:\/\/calmresort.hu\/orfu-a-mecsek-gyongyszeme\/"},"author":{"name":"Bezzegh Kriszti\u00e1n","@id":"https:\/\/calmresort.hu\/#\/schema\/person\/d770d57bc8b5afb360bc532d91dba110"},"headline":"Orf\u0171 \u2013 A Mecsek gy\u00f6ngyszeme","datePublished":"2025-02-23T09:41:39+00:00","dateModified":"2025-02-23T09:52:39+00:00","mainEntityOfPage":{"@id":"https:\/\/calmresort.hu\/orfu-a-mecsek-gyongyszeme\/"},"wordCount":1059,"commentCount":0,"publisher":{"@id":"https:\/\/calmresort.hu\/#organization"},"image":{"@id":"https:\/\/calmresort.hu\/orfu-a-mecsek-gyongyszeme\/#primaryimage"},"thumbnailUrl":"https:\/\/calmresort.hu\/wp-content\/uploads\/2025\/02\/orfu.webp","articleSection":["Programok"],"inLanguage":"en-US","potentialAction":[{"@type":"CommentAction","name":"Comment","target":["https:\/\/calmresort.hu\/orfu-a-mecsek-gyongyszeme\/#respond"]}]},{"@type":"WebPage","@id":"https:\/\/calmresort.hu\/orfu-a-mecsek-gyongyszeme\/","url":"https:\/\/calmresort.hu\/orfu-a-mecsek-gyongyszeme\/","name":"Orf\u0171i l\u00e1tnival\u00f3k \u2013 A Mecsek rejtett gy\u00f6ngyszeme","isPartOf":{"@id":"https:\/\/calmresort.hu\/#website"},"primaryImageOfPage":{"@id":"https:\/\/calmresort.hu\/orfu-a-mecsek-gyongyszeme\/#primaryimage"},"image":{"@id":"https:\/\/calmresort.hu\/orfu-a-mecsek-gyongyszeme\/#primaryimage"},"thumbnailUrl":"https:\/\/calmresort.hu\/wp-content\/uploads\/2025\/02\/orfu.webp","datePublished":"2025-02-23T09:41:39+00:00","dateModified":"2025-02-23T09:52:39+00:00","description":"Orf\u0171 l\u00e1tnival\u00f3k v\u00e1rnak r\u00e1d! \u00c9lvezd a v\u00edzi sportokat, a csal\u00e1di strandot \u00e9s a leny\u0171g\u00f6z\u0151 s\u00e9t\u00e1nyokat a P\u00e9csi-t\u00f3n\u00e1l.","breadcrumb":{"@id":"https:\/\/calmresort.hu\/orfu-a-mecsek-gyongyszeme\/#breadcrumb"},"inLanguage":"en-US","potentialAction":[{"@type":"ReadAction","target":["https:\/\/calmresort.hu\/orfu-a-mecsek-gyongyszeme\/"]}]},{"@type":"ImageObject","inLanguage":"en-US","@id":"https:\/\/calmresort.hu\/orfu-a-mecsek-gyongyszeme\/#primaryimage","url":"https:\/\/calmresort.hu\/wp-content\/uploads\/2025\/02\/orfu.webp","contentUrl":"https:\/\/calmresort.hu\/wp-content\/uploads\/2025\/02\/orfu.webp","width":1024,"height":768,"caption":"Orf\u0171i l\u00e1tnival\u00f3k"},{"@type":"BreadcrumbList","@id":"https:\/\/calmresort.hu\/orfu-a-mecsek-gyongyszeme\/#breadcrumb","itemListElement":[{"@type":"ListItem","position":1,"name":"Kezd\u0151lap","item":"https:\/\/calmresort.hu\/"},{"@type":"ListItem","position":2,"name":"Orf\u0171 \u2013 A Mecsek gy\u00f6ngyszeme"}]},{"@type":"WebSite","@id":"https:\/\/calmresort.hu\/#website","url":"https:\/\/calmresort.hu\/","name":"Calm Resort Hertelend","description":"Erd\u0151sz\u00e9li nyugalom \u00e9s wellness a Mecsek l\u00e1b\u00e1n\u00e1l.","publisher":{"@id":"https:\/\/calmresort.hu\/#organization"},"alternateName":"Csal\u00e1di apartmanok","potentialAction":[{"@type":"SearchAction","target":{"@type":"EntryPoint","urlTemplate":"https:\/\/calmresort.hu\/?s={search_term_string}"},"query-input":{"@type":"PropertyValueSpecification","valueRequired":true,"valueName":"search_term_string"}}],"inLanguage":"en-US"},{"@type":"Organization","@id":"https:\/\/calmresort.hu\/#organization","name":"Calm Resort Hertelend","url":"https:\/\/calmresort.hu\/","logo":{"@type":"ImageObject","inLanguage":"en-US","@id":"https:\/\/calmresort.hu\/#\/schema\/logo\/image\/","url":"https:\/\/calmresort.hu\/wp-content\/uploads\/2024\/01\/CR_Logo2.png","contentUrl":"https:\/\/calmresort.hu\/wp-content\/uploads\/2024\/01\/CR_Logo2.png","width":1000,"height":1000,"caption":"Calm Resort Hertelend"},"image":{"@id":"https:\/\/calmresort.hu\/#\/schema\/logo\/image\/"},"sameAs":["https:\/\/www.facebook.com\/CalmResortHertelend","https:\/\/www.instagram.com\/calmresorthertelend\/"],"publishingPrinciples":"https:\/\/calmresort.hu\/informaciok\/hazirend\/","ownershipFundingInfo":"https:\/\/calmresort.hu\/informaciok\/","actionableFeedbackPolicy":"https:\/\/calmresort.hu\/altalanos-szerzodesi-feltetelek\/"},{"@type":"Person","@id":"https:\/\/calmresort.hu\/#\/schema\/person\/d770d57bc8b5afb360bc532d91dba110","name":"Bezzegh Kriszti\u00e1n","image":{"@type":"ImageObject","inLanguage":"en-US","@id":"https:\/\/calmresort.hu\/#\/schema\/person\/image\/","url":"https:\/\/secure.gravatar.com\/avatar\/8ed04dccbf2e0f1adfe6ec6c026fe093b7b19d442b4a98af1fc2e38f7f7263cf?s=96&d=mm&r=g","contentUrl":"https:\/\/secure.gravatar.com\/avatar\/8ed04dccbf2e0f1adfe6ec6c026fe093b7b19d442b4a98af1fc2e38f7f7263cf?s=96&d=mm&r=g","caption":"Bezzegh Kriszti\u00e1n"},"url":"https:\/\/calmresort.hu\/en\/author\/hammer-chris74\/"}]}},"_links":{"self":[{"href":"https:\/\/calmresort.hu\/en\/wp-json\/wp\/v2\/posts\/5496","targetHints":{"allow":["GET"]}}],"collection":[{"href":"https:\/\/calmresort.hu\/en\/wp-json\/wp\/v2\/posts"}],"about":[{"href":"https:\/\/calmresort.hu\/en\/wp-json\/wp\/v2\/types\/post"}],"author":[{"embeddable":true,"href":"https:\/\/calmresort.hu\/en\/wp-json\/wp\/v2\/users\/4"}],"replies":[{"embeddable":true,"href":"https:\/\/calmresort.hu\/en\/wp-json\/wp\/v2\/comments?post=5496"}],"version-history":[{"count":3,"href":"https:\/\/calmresort.hu\/en\/wp-json\/wp\/v2\/posts\/5496\/revisions"}],"predecessor-version":[{"id":5501,"href":"https:\/\/calmresort.hu\/en\/wp-json\/wp\/v2\/posts\/5496\/revisions\/5501"}],"wp:featuredmedia":[{"embeddable":true,"href":"https:\/\/calmresort.hu\/en\/wp-json\/wp\/v2\/media\/5497"}],"wp:attachment":[{"href":"https:\/\/calmresort.hu\/en\/wp-json\/wp\/v2\/media?parent=5496"}],"wp:term":[{"taxonomy":"category","embeddable":true,"href":"https:\/\/calmresort.hu\/en\/wp-json\/wp\/v2\/categories?post=5496"},{"taxonomy":"post_tag","embeddable":true,"href":"https:\/\/calmresort.hu\/en\/wp-json\/wp\/v2\/tags?post=5496"}],"curies":[{"name":"wp","href":"https:\/\/api.w.org\/{rel}","templated":true}]}}